{"id":34761,"date":"2022-05-24T16:55:50","date_gmt":"2022-05-24T14:55:50","guid":{"rendered":"https:\/\/www.weyer-gruppe.com\/2022\/05\/24\/the-most-frequently-asked-questions-about-carbon-leakage\/"},"modified":"2025-01-14T11:57:57","modified_gmt":"2025-01-14T10:57:57","slug":"the-most-frequently-asked-questions-about-carbon-leakage","status":"publish","type":"post","link":"https:\/\/www.weyer-gruppe.com\/en\/2022\/05\/24\/the-most-frequently-asked-questions-about-carbon-leakage\/","title":{"rendered":"The most frequently asked questions about carbon leakage"},"content":{"rendered":"\n<p>Carbon leakage refers to the relocation of production processes abroad with the background of escaping CO2 prices in one&#8217;s own country. &#8220;<a href=\"https:\/\/www.dehst.de\/EN\/Topics\/nEHS\/nehs_node.html\">The national emissions trading system<\/a> (nEHS) introduced in 2021 supplements the <a href=\"https:\/\/www.weyer-gruppe.com\/en\/plant-operators-and-investors\/emissions-trading-preparation-of-applications-for-permits-and-allocations\/\">European emissions trading system<\/a> (EU-ETS) with emissions in the heat generation and transport sectors.  The additional cost of CO<sub>2<\/sub> emissions creates a risk of carbon leakage. To avoid this, companies in international competition have the option of applying for aid on the basis of the BECV. <\/p>\n\n<p>Our experts Mr. Konstantin Pientka and Mr. Patrick Bahlert from PROBIOTEC GmbH answer the most frequently asked questions on the topic on the <a href=\"https:\/\/www.weyer-gruppe.com\/vermeidung-von-carbon-leakage\/\">related page<\/a>. &#8220;What is the legal basis?&#8221;, &#8220;Who is eligible for aid?&#8221;, &#8220;Where can aid be applied for?&#8221; and many other questions.<\/p>\n\n<p>The services of weyer gruppe this area are:<\/p>\n\n<ul class=\"wp-block-list\"><li>Checking the requirements for eligibility to apply<\/li><li>Support in compiling the relevant data, descriptions and evidence<\/li><li>Preparation and processing of aid applications in FMS<\/li><li>Support in the selection of a suitable auditor<\/li><li>Support for the implementation and maintenance of <a href=\"https:\/\/www.weyer-gruppe.com\/en\/plant-operators-and-investors\/iso-50001-energy-management\/\">energy management systems<\/a><\/li><\/ul>\n<p><a href=\"https:\/\/www.weyer-gruppe.com\/vermeidung-von-carbon-leakage\/\">Here<\/a> you will find the answers to the most frequently asked questions about carbon leakage.<\/p>\n\n<p>Do you have further questions on the subject? Please feel free to contact us: <\/p>\n\n<p><strong>Konstantin Pientka<\/strong><br\/>PROBIOTEC GmbH<br\/>Tel: +49 2421 &#8211; 69 09 33 62<br\/>Mail: <a href=\"mailto:k.pientka@weyer-gruppe.com\">k.pientka@weyer-gruppe.com<\/a><\/p>\n","protected":false},"excerpt":{"rendered":"<p>Carbon leakage refers to the relocation of production processes abroad with the background of escaping CO2 prices in one&#8217;s own country. &#8220;The national emissions trading system (nEHS) introduced in 2021 supplements the European emissions trading system (EU-ETS) with emissions in the heat generation and transport sectors. The additional cost of CO2 emissions creates a risk [&hellip;]<\/p>\n","protected":false},"author":5,"featured_media":34633,"comment_status":"closed","ping_status":"open","sticky":false,"template":"","format":"standard","meta":{"footnotes":""},"categories":[6102],"tags":[],"class_list":["post-34761","post","type-post","status-publish","format-standard","has-post-thumbnail","hentry","category-environmental-protection"],"yoast_head":"<!-- This site is optimized with the Yoast SEO Premium plugin v27.4 (Yoast SEO v27.4) - https:\/\/yoast.com\/product\/yoast-seo-premium-wordpress\/ -->\n<title>The most frequently asked questions about carbon leakage &#8211; weyer gruppe<\/title>\n<meta name=\"description\" content=\"weyer gruppe &#8211; The most frequently asked questions about carbon leakage &#8211; Environmental protection - nationaler \/ europ\u00e4ischer Emissionshandel\" \/>\n<meta name=\"robots\" content=\"index, follow, max-snippet:-1, max-image-preview:large, max-video-preview:-1\" \/>\n<link rel=\"canonical\" href=\"https:\/\/www.weyer-gruppe.com\/en\/2022\/05\/24\/the-most-frequently-asked-questions-about-carbon-leakage\/\" \/>\n<meta property=\"og:locale\" content=\"en_US\" \/>\n<meta property=\"og:type\" content=\"article\" \/>\n<meta property=\"og:title\" content=\"The most frequently asked questions about carbon leakage\" \/>\n<meta property=\"og:description\" content=\"weyer gruppe &#8211; The most frequently asked questions about carbon leakage &#8211; Environmental protection - nationaler \/ europ\u00e4ischer Emissionshandel\" \/>\n<meta property=\"og:url\" content=\"https:\/\/www.weyer-gruppe.com\/en\/2022\/05\/24\/the-most-frequently-asked-questions-about-carbon-leakage\/\" \/>\n<meta property=\"og:site_name\" content=\"weyer gruppe\" \/>\n<meta property=\"article:publisher\" content=\"https:\/\/www.facebook.com\/weyergruppe\" \/>\n<meta property=\"article:published_time\" content=\"2022-05-24T14:55:50+00:00\" \/>\n<meta property=\"article:modified_time\" content=\"2025-01-14T10:57:57+00:00\" \/>\n<meta property=\"og:image\" content=\"https:\/\/www.weyer-gruppe.com\/wp-content\/uploads\/2022\/05\/vermeidung-carbon-leakage-beitrag.jpg\" \/>\n\t<meta property=\"og:image:width\" content=\"878\" \/>\n\t<meta property=\"og:image:height\" content=\"494\" \/>\n\t<meta property=\"og:image:type\" content=\"image\/jpeg\" \/>\n<meta name=\"author\" content=\"Juri Lasse Raffetseder\" \/>\n<meta name=\"twitter:card\" content=\"summary_large_image\" \/>\n<meta name=\"twitter:label1\" content=\"Written by\" \/>\n\t<meta name=\"twitter:data1\" content=\"Juri Lasse Raffetseder\" \/>\n\t<meta name=\"twitter:label2\" content=\"Est. reading time\" \/>\n\t<meta name=\"twitter:data2\" content=\"1 minute\" \/>\n<script type=\"application\/ld+json\" class=\"yoast-schema-graph\">{\"@context\":\"https:\\\/\\\/schema.org\",\"@graph\":[{\"@type\":\"Article\",\"@id\":\"https:\\\/\\\/www.weyer-gruppe.com\\\/en\\\/2022\\\/05\\\/24\\\/the-most-frequently-asked-questions-about-carbon-leakage\\\/#article\",\"isPartOf\":{\"@id\":\"https:\\\/\\\/www.weyer-gruppe.com\\\/en\\\/2022\\\/05\\\/24\\\/the-most-frequently-asked-questions-about-carbon-leakage\\\/\"},\"author\":{\"name\":\"Juri Lasse Raffetseder\",\"@id\":\"https:\\\/\\\/www.weyer-gruppe.com\\\/en\\\/#\\\/schema\\\/person\\\/565b67e11d499b553c41b08563de2655\"},\"headline\":\"The most frequently asked questions about carbon leakage\",\"datePublished\":\"2022-05-24T14:55:50+00:00\",\"dateModified\":\"2025-01-14T10:57:57+00:00\",\"mainEntityOfPage\":{\"@id\":\"https:\\\/\\\/www.weyer-gruppe.com\\\/en\\\/2022\\\/05\\\/24\\\/the-most-frequently-asked-questions-about-carbon-leakage\\\/\"},\"wordCount\":220,\"publisher\":{\"@id\":\"https:\\\/\\\/www.weyer-gruppe.com\\\/en\\\/#organization\"},\"image\":{\"@id\":\"https:\\\/\\\/www.weyer-gruppe.com\\\/en\\\/2022\\\/05\\\/24\\\/the-most-frequently-asked-questions-about-carbon-leakage\\\/#primaryimage\"},\"thumbnailUrl\":\"https:\\\/\\\/www.weyer-gruppe.com\\\/wp-content\\\/uploads\\\/2022\\\/05\\\/vermeidung-carbon-leakage-beitrag.jpg\",\"articleSection\":[\"Environmental protection\"],\"inLanguage\":\"en-US\"},{\"@type\":\"WebPage\",\"@id\":\"https:\\\/\\\/www.weyer-gruppe.com\\\/en\\\/2022\\\/05\\\/24\\\/the-most-frequently-asked-questions-about-carbon-leakage\\\/\",\"url\":\"https:\\\/\\\/www.weyer-gruppe.com\\\/en\\\/2022\\\/05\\\/24\\\/the-most-frequently-asked-questions-about-carbon-leakage\\\/\",\"name\":\"The most frequently asked questions about carbon leakage &#8211; weyer gruppe\",\"isPartOf\":{\"@id\":\"https:\\\/\\\/www.weyer-gruppe.com\\\/en\\\/#website\"},\"primaryImageOfPage\":{\"@id\":\"https:\\\/\\\/www.weyer-gruppe.com\\\/en\\\/2022\\\/05\\\/24\\\/the-most-frequently-asked-questions-about-carbon-leakage\\\/#primaryimage\"},\"image\":{\"@id\":\"https:\\\/\\\/www.weyer-gruppe.com\\\/en\\\/2022\\\/05\\\/24\\\/the-most-frequently-asked-questions-about-carbon-leakage\\\/#primaryimage\"},\"thumbnailUrl\":\"https:\\\/\\\/www.weyer-gruppe.com\\\/wp-content\\\/uploads\\\/2022\\\/05\\\/vermeidung-carbon-leakage-beitrag.jpg\",\"datePublished\":\"2022-05-24T14:55:50+00:00\",\"dateModified\":\"2025-01-14T10:57:57+00:00\",\"description\":\"weyer gruppe &#8211; The most frequently asked questions about carbon leakage &#8211; Environmental protection - nationaler \\\/ europ\u00e4ischer Emissionshandel\",\"breadcrumb\":{\"@id\":\"https:\\\/\\\/www.weyer-gruppe.com\\\/en\\\/2022\\\/05\\\/24\\\/the-most-frequently-asked-questions-about-carbon-leakage\\\/#breadcrumb\"},\"inLanguage\":\"en-US\",\"potentialAction\":[{\"@type\":\"ReadAction\",\"target\":[\"https:\\\/\\\/www.weyer-gruppe.com\\\/en\\\/2022\\\/05\\\/24\\\/the-most-frequently-asked-questions-about-carbon-leakage\\\/\"]}]},{\"@type\":\"ImageObject\",\"inLanguage\":\"en-US\",\"@id\":\"https:\\\/\\\/www.weyer-gruppe.com\\\/en\\\/2022\\\/05\\\/24\\\/the-most-frequently-asked-questions-about-carbon-leakage\\\/#primaryimage\",\"url\":\"https:\\\/\\\/www.weyer-gruppe.com\\\/wp-content\\\/uploads\\\/2022\\\/05\\\/vermeidung-carbon-leakage-beitrag.jpg\",\"contentUrl\":\"https:\\\/\\\/www.weyer-gruppe.com\\\/wp-content\\\/uploads\\\/2022\\\/05\\\/vermeidung-carbon-leakage-beitrag.jpg\",\"width\":878,\"height\":494},{\"@type\":\"BreadcrumbList\",\"@id\":\"https:\\\/\\\/www.weyer-gruppe.com\\\/en\\\/2022\\\/05\\\/24\\\/the-most-frequently-asked-questions-about-carbon-leakage\\\/#breadcrumb\",\"itemListElement\":[{\"@type\":\"ListItem\",\"position\":1,\"name\":\"HOME\",\"item\":\"https:\\\/\\\/www.weyer-gruppe.com\\\/en\\\/\"},{\"@type\":\"ListItem\",\"position\":2,\"name\":\"Environmental protection\",\"item\":\"https:\\\/\\\/www.weyer-gruppe.com\\\/en\\\/category\\\/environmental-protection\\\/\"},{\"@type\":\"ListItem\",\"position\":3,\"name\":\"The most frequently asked questions about carbon leakage\"}]},{\"@type\":\"WebSite\",\"@id\":\"https:\\\/\\\/www.weyer-gruppe.com\\\/en\\\/#website\",\"url\":\"https:\\\/\\\/www.weyer-gruppe.com\\\/en\\\/\",\"name\":\"weyer gruppe\",\"description\":\"komplett. durchdacht.\",\"publisher\":{\"@id\":\"https:\\\/\\\/www.weyer-gruppe.com\\\/en\\\/#organization\"},\"potentialAction\":[{\"@type\":\"SearchAction\",\"target\":{\"@type\":\"EntryPoint\",\"urlTemplate\":\"https:\\\/\\\/www.weyer-gruppe.com\\\/en\\\/?s={search_term_string}\"},\"query-input\":{\"@type\":\"PropertyValueSpecification\",\"valueRequired\":true,\"valueName\":\"search_term_string\"}}],\"inLanguage\":\"en-US\"},{\"@type\":\"Organization\",\"@id\":\"https:\\\/\\\/www.weyer-gruppe.com\\\/en\\\/#organization\",\"name\":\"weyer gruppe\",\"url\":\"https:\\\/\\\/www.weyer-gruppe.com\\\/en\\\/\",\"logo\":{\"@type\":\"ImageObject\",\"inLanguage\":\"en-US\",\"@id\":\"https:\\\/\\\/www.weyer-gruppe.com\\\/en\\\/#\\\/schema\\\/logo\\\/image\\\/\",\"url\":\"https:\\\/\\\/www.weyer-gruppe.com\\\/wp-content\\\/uploads\\\/2019\\\/07\\\/logo-weyer-gruppe-de.png\",\"contentUrl\":\"https:\\\/\\\/www.weyer-gruppe.com\\\/wp-content\\\/uploads\\\/2019\\\/07\\\/logo-weyer-gruppe-de.png\",\"width\":532,\"height\":513,\"caption\":\"weyer gruppe\"},\"image\":{\"@id\":\"https:\\\/\\\/www.weyer-gruppe.com\\\/en\\\/#\\\/schema\\\/logo\\\/image\\\/\"},\"sameAs\":[\"https:\\\/\\\/www.facebook.com\\\/weyergruppe\",\"https:\\\/\\\/de.linkedin.com\\\/company\\\/weyer-gruppe\",\"https:\\\/\\\/www.youtube.com\\\/channel\\\/UCmZItECuW56Ih_p501_Bq8A\"],\"description\":\"Die weyer gruppe ist seit 1976 Ihr Partner f\u00fcr verfahrenstechnische Anlagenplanung und Anlagensicherheit. Mit einem erfahrenen Team von \u00fcber 190 Mitarbeitern in Deutschland, \u00d6sterreich, Polen und der Schweiz realisieren wir j\u00e4hrlich \u00fcber 1.000 Kundenprojekte. Unsere Expertise erstreckt sich \u00fcber verschiedene Branchen wie Chemie, Pharma, Mineral\u00f6l sowie Ver- und Entsorgung. Vertrauen Sie auf die weyer Gruppe f\u00fcr ma\u00dfgeschneiderte Engineering- und Consulting-L\u00f6sungen, die Ihre Anforderungen in puncto Sicherheit und Effizienz erf\u00fcllen.\",\"email\":\"info@weyer-gruppe.com\",\"telephone\":\"+49 (0) 24 21 \u2013 69 09 1 \u2013 0\",\"numberOfEmployees\":{\"@type\":\"QuantitativeValue\",\"minValue\":\"51\",\"maxValue\":\"200\"}},{\"@type\":\"Person\",\"@id\":\"https:\\\/\\\/www.weyer-gruppe.com\\\/en\\\/#\\\/schema\\\/person\\\/565b67e11d499b553c41b08563de2655\",\"name\":\"Juri Lasse Raffetseder\",\"url\":\"https:\\\/\\\/www.weyer-gruppe.com\\\/en\\\/author\\\/juri-lasse-raffetseder\\\/\"}]}<\/script>\n<!-- \/ Yoast SEO Premium plugin. -->","yoast_head_json":{"title":"The most frequently asked questions about carbon leakage &#8211; weyer gruppe","description":"weyer gruppe &#8211; The most frequently asked questions about carbon leakage &#8211; Environmental protection - nationaler \/ europ\u00e4ischer Emissionshandel","robots":{"index":"index","follow":"follow","max-snippet":"max-snippet:-1","max-image-preview":"max-image-preview:large","max-video-preview":"max-video-preview:-1"},"canonical":"https:\/\/www.weyer-gruppe.com\/en\/2022\/05\/24\/the-most-frequently-asked-questions-about-carbon-leakage\/","og_locale":"en_US","og_type":"article","og_title":"The most frequently asked questions about carbon leakage","og_description":"weyer gruppe &#8211; The most frequently asked questions about carbon leakage &#8211; Environmental protection - nationaler \/ europ\u00e4ischer Emissionshandel","og_url":"https:\/\/www.weyer-gruppe.com\/en\/2022\/05\/24\/the-most-frequently-asked-questions-about-carbon-leakage\/","og_site_name":"weyer gruppe","article_publisher":"https:\/\/www.facebook.com\/weyergruppe","article_published_time":"2022-05-24T14:55:50+00:00","article_modified_time":"2025-01-14T10:57:57+00:00","og_image":[{"width":878,"height":494,"url":"https:\/\/www.weyer-gruppe.com\/wp-content\/uploads\/2022\/05\/vermeidung-carbon-leakage-beitrag.jpg","type":"image\/jpeg"}],"author":"Juri Lasse Raffetseder","twitter_card":"summary_large_image","twitter_misc":{"Written by":"Juri Lasse Raffetseder","Est. reading time":"1 minute"},"schema":{"@context":"https:\/\/schema.org","@graph":[{"@type":"Article","@id":"https:\/\/www.weyer-gruppe.com\/en\/2022\/05\/24\/the-most-frequently-asked-questions-about-carbon-leakage\/#article","isPartOf":{"@id":"https:\/\/www.weyer-gruppe.com\/en\/2022\/05\/24\/the-most-frequently-asked-questions-about-carbon-leakage\/"},"author":{"name":"Juri Lasse Raffetseder","@id":"https:\/\/www.weyer-gruppe.com\/en\/#\/schema\/person\/565b67e11d499b553c41b08563de2655"},"headline":"The most frequently asked questions about carbon leakage","datePublished":"2022-05-24T14:55:50+00:00","dateModified":"2025-01-14T10:57:57+00:00","mainEntityOfPage":{"@id":"https:\/\/www.weyer-gruppe.com\/en\/2022\/05\/24\/the-most-frequently-asked-questions-about-carbon-leakage\/"},"wordCount":220,"publisher":{"@id":"https:\/\/www.weyer-gruppe.com\/en\/#organization"},"image":{"@id":"https:\/\/www.weyer-gruppe.com\/en\/2022\/05\/24\/the-most-frequently-asked-questions-about-carbon-leakage\/#primaryimage"},"thumbnailUrl":"https:\/\/www.weyer-gruppe.com\/wp-content\/uploads\/2022\/05\/vermeidung-carbon-leakage-beitrag.jpg","articleSection":["Environmental protection"],"inLanguage":"en-US"},{"@type":"WebPage","@id":"https:\/\/www.weyer-gruppe.com\/en\/2022\/05\/24\/the-most-frequently-asked-questions-about-carbon-leakage\/","url":"https:\/\/www.weyer-gruppe.com\/en\/2022\/05\/24\/the-most-frequently-asked-questions-about-carbon-leakage\/","name":"The most frequently asked questions about carbon leakage &#8211; weyer gruppe","isPartOf":{"@id":"https:\/\/www.weyer-gruppe.com\/en\/#website"},"primaryImageOfPage":{"@id":"https:\/\/www.weyer-gruppe.com\/en\/2022\/05\/24\/the-most-frequently-asked-questions-about-carbon-leakage\/#primaryimage"},"image":{"@id":"https:\/\/www.weyer-gruppe.com\/en\/2022\/05\/24\/the-most-frequently-asked-questions-about-carbon-leakage\/#primaryimage"},"thumbnailUrl":"https:\/\/www.weyer-gruppe.com\/wp-content\/uploads\/2022\/05\/vermeidung-carbon-leakage-beitrag.jpg","datePublished":"2022-05-24T14:55:50+00:00","dateModified":"2025-01-14T10:57:57+00:00","description":"weyer gruppe &#8211; The most frequently asked questions about carbon leakage &#8211; Environmental protection - nationaler \/ europ\u00e4ischer Emissionshandel","breadcrumb":{"@id":"https:\/\/www.weyer-gruppe.com\/en\/2022\/05\/24\/the-most-frequently-asked-questions-about-carbon-leakage\/#breadcrumb"},"inLanguage":"en-US","potentialAction":[{"@type":"ReadAction","target":["https:\/\/www.weyer-gruppe.com\/en\/2022\/05\/24\/the-most-frequently-asked-questions-about-carbon-leakage\/"]}]},{"@type":"ImageObject","inLanguage":"en-US","@id":"https:\/\/www.weyer-gruppe.com\/en\/2022\/05\/24\/the-most-frequently-asked-questions-about-carbon-leakage\/#primaryimage","url":"https:\/\/www.weyer-gruppe.com\/wp-content\/uploads\/2022\/05\/vermeidung-carbon-leakage-beitrag.jpg","contentUrl":"https:\/\/www.weyer-gruppe.com\/wp-content\/uploads\/2022\/05\/vermeidung-carbon-leakage-beitrag.jpg","width":878,"height":494},{"@type":"BreadcrumbList","@id":"https:\/\/www.weyer-gruppe.com\/en\/2022\/05\/24\/the-most-frequently-asked-questions-about-carbon-leakage\/#breadcrumb","itemListElement":[{"@type":"ListItem","position":1,"name":"HOME","item":"https:\/\/www.weyer-gruppe.com\/en\/"},{"@type":"ListItem","position":2,"name":"Environmental protection","item":"https:\/\/www.weyer-gruppe.com\/en\/category\/environmental-protection\/"},{"@type":"ListItem","position":3,"name":"The most frequently asked questions about carbon leakage"}]},{"@type":"WebSite","@id":"https:\/\/www.weyer-gruppe.com\/en\/#website","url":"https:\/\/www.weyer-gruppe.com\/en\/","name":"weyer gruppe","description":"komplett. durchdacht.","publisher":{"@id":"https:\/\/www.weyer-gruppe.com\/en\/#organization"},"potentialAction":[{"@type":"SearchAction","target":{"@type":"EntryPoint","urlTemplate":"https:\/\/www.weyer-gruppe.com\/en\/?s={search_term_string}"},"query-input":{"@type":"PropertyValueSpecification","valueRequired":true,"valueName":"search_term_string"}}],"inLanguage":"en-US"},{"@type":"Organization","@id":"https:\/\/www.weyer-gruppe.com\/en\/#organization","name":"weyer gruppe","url":"https:\/\/www.weyer-gruppe.com\/en\/","logo":{"@type":"ImageObject","inLanguage":"en-US","@id":"https:\/\/www.weyer-gruppe.com\/en\/#\/schema\/logo\/image\/","url":"https:\/\/www.weyer-gruppe.com\/wp-content\/uploads\/2019\/07\/logo-weyer-gruppe-de.png","contentUrl":"https:\/\/www.weyer-gruppe.com\/wp-content\/uploads\/2019\/07\/logo-weyer-gruppe-de.png","width":532,"height":513,"caption":"weyer gruppe"},"image":{"@id":"https:\/\/www.weyer-gruppe.com\/en\/#\/schema\/logo\/image\/"},"sameAs":["https:\/\/www.facebook.com\/weyergruppe","https:\/\/de.linkedin.com\/company\/weyer-gruppe","https:\/\/www.youtube.com\/channel\/UCmZItECuW56Ih_p501_Bq8A"],"description":"Die weyer gruppe ist seit 1976 Ihr Partner f\u00fcr verfahrenstechnische Anlagenplanung und Anlagensicherheit. Mit einem erfahrenen Team von \u00fcber 190 Mitarbeitern in Deutschland, \u00d6sterreich, Polen und der Schweiz realisieren wir j\u00e4hrlich \u00fcber 1.000 Kundenprojekte. Unsere Expertise erstreckt sich \u00fcber verschiedene Branchen wie Chemie, Pharma, Mineral\u00f6l sowie Ver- und Entsorgung. Vertrauen Sie auf die weyer Gruppe f\u00fcr ma\u00dfgeschneiderte Engineering- und Consulting-L\u00f6sungen, die Ihre Anforderungen in puncto Sicherheit und Effizienz erf\u00fcllen.","email":"info@weyer-gruppe.com","telephone":"+49 (0) 24 21 \u2013 69 09 1 \u2013 0","numberOfEmployees":{"@type":"QuantitativeValue","minValue":"51","maxValue":"200"}},{"@type":"Person","@id":"https:\/\/www.weyer-gruppe.com\/en\/#\/schema\/person\/565b67e11d499b553c41b08563de2655","name":"Juri Lasse Raffetseder","url":"https:\/\/www.weyer-gruppe.com\/en\/author\/juri-lasse-raffetseder\/"}]}},"_links":{"self":[{"href":"https:\/\/www.weyer-gruppe.com\/en\/wp-json\/wp\/v2\/posts\/34761","targetHints":{"allow":["GET"]}}],"collection":[{"href":"https:\/\/www.weyer-gruppe.com\/en\/wp-json\/wp\/v2\/posts"}],"about":[{"href":"https:\/\/www.weyer-gruppe.com\/en\/wp-json\/wp\/v2\/types\/post"}],"author":[{"embeddable":true,"href":"https:\/\/www.weyer-gruppe.com\/en\/wp-json\/wp\/v2\/users\/5"}],"replies":[{"embeddable":true,"href":"https:\/\/www.weyer-gruppe.com\/en\/wp-json\/wp\/v2\/comments?post=34761"}],"version-history":[{"count":2,"href":"https:\/\/www.weyer-gruppe.com\/en\/wp-json\/wp\/v2\/posts\/34761\/revisions"}],"predecessor-version":[{"id":233164,"href":"https:\/\/www.weyer-gruppe.com\/en\/wp-json\/wp\/v2\/posts\/34761\/revisions\/233164"}],"wp:featuredmedia":[{"embeddable":true,"href":"https:\/\/www.weyer-gruppe.com\/en\/wp-json\/wp\/v2\/media\/34633"}],"wp:attachment":[{"href":"https:\/\/www.weyer-gruppe.com\/en\/wp-json\/wp\/v2\/media?parent=34761"}],"wp:term":[{"taxonomy":"category","embeddable":true,"href":"https:\/\/www.weyer-gruppe.com\/en\/wp-json\/wp\/v2\/categories?post=34761"},{"taxonomy":"post_tag","embeddable":true,"href":"https:\/\/www.weyer-gruppe.com\/en\/wp-json\/wp\/v2\/tags?post=34761"}],"curies":[{"name":"wp","href":"https:\/\/api.w.org\/{rel}","templated":true}]}}